{"id":1920,"date":"2009-09-24T12:45:41","date_gmt":"2009-09-24T10:45:41","guid":{"rendered":"http:\/\/www.bergamoreggae.org\/bgr\/?p=1920"},"modified":"2009-09-25T11:05:49","modified_gmt":"2009-09-25T09:05:49","slug":"polareggae-openin-season-party","status":"publish","type":"post","link":"https:\/\/www.bergamoreggae.org\/bgr\/2009\/09\/24\/polareggae-openin-season-party\/","title":{"rendered":"26\/09 &#8211; Polareggae: Openin&#8217; Season Party"},"content":{"rendered":"<p><a href=\"http:\/\/www.bergamoreggae.org\/bgr\/wp-content\/uploads\/2009\/09\/polareggae-0909.jpg\"><img loading=\"lazy\" decoding=\"async\" src=\"http:\/\/www.bergamoreggae.org\/bgr\/wp-content\/uploads\/2009\/09\/polareggae-0909-150x150.jpg\" alt=\"polareggae 0909\" title=\"polareggae 0909\" width=\"150\" height=\"150\" class=\"alignleft size-thumbnail wp-image-1919\" \/><\/a>L&#8217;avevamo promesso: ci saremmo rivisti in settembre e cos\u00ec \u00e8! Ricominciano i sabati giallo-rosso-verdi del Polareggae, speriamo ci accompagnino per tutta la stagione. Anche quest&#8217;anno grandi ospiti (presto le prime anticipazioni), anche quest&#8217;anno una serie di novit\u00e0 ed appuntamenti imperdibili&#8230; <!--more--> 26 settembre Polareggae inizia prima&#8230; suoneremo dalle 19.00 e vi invitiamo a passare presto, perch\u00e8 dalle 19.00 alle 21.00 ci sar\u00e0 anche I-tal is Vital, il preserata in cui sar\u00e0 possibile banchettare gratuitamente col Jamaican Food! Che altro dire? Apriamo la stagione con l&#8217;ormai tradizionale serata Full Crew: ai Controlli tutti i sound della crew, Capitan Albi, QB, Shanty Sound, I-Trees, Mighty Dogs, Green Gold &amp; Red, Tha Admiral, Gangsta Ponzi aka Ras3llo, Dj Guallo, War Banana Foundation&#8230; e chi non viene passer\u00e0 l&#8217;inverno a guardare la TV!!!<\/p>\n","protected":false},"excerpt":{"rendered":"<p>L&#8217;avevamo promesso: ci saremmo rivisti in settembre e cos\u00ec \u00e8! Ricominciano i sabati giallo-rosso-verdi del Polareggae, speriamo ci accompagnino per tutta la stagione. Anche quest&#8217;anno grandi ospiti (presto le prime anticipazioni), anche quest&#8217;anno una serie di novit\u00e0 ed appuntamenti imperdibili&#8230;<\/p>\n","protected":false},"author":4,"featured_media":0,"comment_status":"open","ping_status":"open","sticky":false,"template":"","format":"standard","meta":{"_bbp_topic_count":0,"_bbp_reply_count":0,"_bbp_total_topic_count":0,"_bbp_total_reply_count":0,"_bbp_voice_count":0,"_bbp_anonymous_reply_count":0,"_bbp_topic_count_hidden":0,"_bbp_reply_count_hidden":0,"_bbp_forum_subforum_count":0,"footnotes":"","_links_to":"","_links_to_target":""},"categories":[6,228],"tags":[],"class_list":["post-1920","post","type-post","status-publish","format-standard","hentry","category-dancehall","category-serate"],"aioseo_notices":[],"_links":{"self":[{"href":"https:\/\/www.bergamoreggae.org\/bgr\/wp-json\/wp\/v2\/posts\/1920","targetHints":{"allow":["GET"]}}],"collection":[{"href":"https:\/\/www.bergamoreggae.org\/bgr\/wp-json\/wp\/v2\/posts"}],"about":[{"href":"https:\/\/www.bergamoreggae.org\/bgr\/wp-json\/wp\/v2\/types\/post"}],"author":[{"embeddable":true,"href":"https:\/\/www.bergamoreggae.org\/bgr\/wp-json\/wp\/v2\/users\/4"}],"replies":[{"embeddable":true,"href":"https:\/\/www.bergamoreggae.org\/bgr\/wp-json\/wp\/v2\/comments?post=1920"}],"version-history":[{"count":0,"href":"https:\/\/www.bergamoreggae.org\/bgr\/wp-json\/wp\/v2\/posts\/1920\/revisions"}],"wp:attachment":[{"href":"https:\/\/www.bergamoreggae.org\/bgr\/wp-json\/wp\/v2\/media?parent=1920"}],"wp:term":[{"taxonomy":"category","embeddable":true,"href":"https:\/\/www.bergamoreggae.org\/bgr\/wp-json\/wp\/v2\/categories?post=1920"},{"taxonomy":"post_tag","embeddable":true,"href":"https:\/\/www.bergamoreggae.org\/bgr\/wp-json\/wp\/v2\/tags?post=1920"}],"curies":[{"name":"wp","href":"https:\/\/api.w.org\/{rel}","templated":true}]}}