{"id":282,"date":"2007-01-25T18:34:27","date_gmt":"2007-01-25T16:34:27","guid":{"rendered":"http:\/\/www.bergamoreggae.org\/bgr\/?p=282"},"modified":"2009-07-24T15:41:52","modified_gmt":"2009-07-24T13:41:52","slug":"paci-paciana-2-lega-nord-0","status":"publish","type":"post","link":"https:\/\/www.bergamoreggae.org\/bgr\/2007\/01\/25\/paci-paciana-2-lega-nord-0\/","title":{"rendered":"Pac\u00ec Paciana 2 &#8211; Lega nord 0"},"content":{"rendered":"<div><span style=\"font-weight: bold;\">Sabato 20  gennaio <\/span>la citt\u00e0 di Bergamo ha avuto modo di assistere ad uno strano spettacolo: rinchiusi in pochi metri quadri c&#8217;erano strani individui, brutti ed in camicia verde. <span style=\"font-weight: bold;\">Inesistenti Giovani  Padani al capezzale di vecchi politicanti e senatori <\/span><span style=\"font-weight: bold;\">rimbambiti<\/span>: pochi, senza voce e senza idee,  disinformati, ineleganti.<br \/>\nIn poche parole grotteschi. <span style=\"font-weight: bold;\">A pochi metri, in una piazza aperta<\/span>, c&#8217;erano  <span style=\"font-weight: bold;\">300 ragazzi<\/span>, arrivati per ri-affermare \u2013 se ce ne fosse ancora bisogno &#8211; quanto il centro sociale autogestito Pac\u00ec Paciana sia una risorsa irrinunciabile per tutta la citt\u00e0: <span style=\"font-weight: bold;\">in questi dieci anni centinaia di  concerti, film, mostre, <\/span><span style=\"font-weight: bold;\">presentazioni di libri e dibattiti che hanno animato  in maniera <\/span><span style=\"font-weight: bold;\">determinante la vita bergamasca portando aggregazione,  socialit\u00e0 <\/span><span style=\"font-weight: bold;\">orizzontale, cultura. <\/span><br \/>\nPazienza se per <span style=\"font-weight: bold;\">opportunismo politico e mancanza di idee la lega  nord <\/span>cerca di <span style=\"font-weight: bold;\">strumentalizzare <\/span>la messa a norma di uno stabile di propriet\u00e0 pubblica spacciandola  per soldi versati al centro sociale. <span style=\"font-weight: bold;\">Sabato  i <\/span><span style=\"font-weight: bold;\">bergamaschi<\/span> hanno capito,<span style=\"font-weight: bold;\"> si sono informati<\/span>, hanno scambiato quattro chiacchiere con &#8220;quelli del pac\u00ec paciana&#8221;: non i mostri descritti da cronache faziose, non alieni, ma educatori, magazzinieri, programmatori, grafici, operai&#8230;<br \/>\nEbbene s\u00ec, <span style=\"font-weight: bold; text-decoration: underline;\">sabato in piazza un ex  ministro con evidenti problemi di alcool <\/span><span style=\"font-weight: bold; text-decoration: underline;\">non ha saputo fare altro  che mostrare il dito medio e darci dei <\/span><span style=\"font-weight: bold; text-decoration: underline;\">&#8220;mantenuti&#8221;, offeso dagli  striscioni contro la sua inesistente ma agognata <\/span><span style=\"font-weight: bold; text-decoration: underline;\">repubblica delle  banane&#8230;<\/span><br \/>\n<span style=\"font-weight: bold; text-decoration: underline;\">Signorilit\u00e0, educazione e  quoziente intellettivo del sig. Calderoli hanno<\/span><span style=\"text-decoration: underline;\"> <\/span><span style=\"font-weight: bold; text-decoration: underline;\">fatto il giro d&#8217;Italia: il  ditone quasi faceva tenerezza, soprattutto se <\/span><span style=\"font-weight: bold; text-decoration: underline;\">abbinato alla poca  capacit\u00e0 di articolare un discorso. Vogliamo ricordare <\/span><span style=\"font-weight: bold; text-decoration: underline;\">a codesto figuro e al suo  codazzo che il &#8220;mantenuto&#8221; dai soldi dei <\/span><span style=\"font-weight: bold; text-decoration: underline;\">cittadini \u00e8 proprio lui.<\/span><br \/>\n<span style=\"font-weight: bold; text-decoration: underline;\">Quanti soldi prende  Calderoli? Avr\u00e0 un contratto atipico? sar\u00e0 un <\/span><span style=\"font-weight: bold; text-decoration: underline;\">lavoratore flessibile?  &#8230;cooperativa???? Dobbiamo fare noi un piccolo <\/span><span style=\"font-weight: bold; text-decoration: underline;\">calcolo? Perch\u00e8 \u00e8 lui  quello che non lavora, ha l&#8217;auto blu, due portaborse <\/span><span style=\"font-weight: bold; text-decoration: underline;\">pagati, viaggi gratis,  rimborsi di pi\u00f9 di 4000 euro l&#8217;anno per il <\/span><span style=\"font-weight: bold; text-decoration: underline;\">telefono, 6000 euro al  mese come indennit\u00e0, 4000 euro al mese di diaria, <\/span><span style=\"font-weight: bold; text-decoration: underline;\">un vitalizio e una lauta  pensione gi\u00e0 maturata con solo 35 mesi di <\/span><span style=\"font-weight: bold; text-decoration: underline;\">&#8220;lavori&#8221; in parlamento. <\/span><span style=\"font-weight: bold; text-decoration: underline;\">E ancora mantiene,  rimanendo in &#8220;aspettativa&#8221; il posto di lavoro \u2013 <\/span><span style=\"font-weight: bold; text-decoration: underline;\">pubblico \u2013 presso gli  Ospedali Riuniti! <\/span>Niente, quisquilie e pinzillacchere, come quelle portate sabato dai Ribolliti padani, nessuna novit\u00e0. Noi continueremo nella nostra storia, ormai decennale, sostenuti dalle migliaia e migliaia di ragazzi e ragazze che frequentano il centro sociale, incuranti del &#8220;refolo del nord&#8221; e <span style=\"font-weight: bold;\">stanchi di chi pensa di far <\/span><span style=\"font-weight: bold;\">politica con le  provocazioni ed un&#8217;unica finalit\u00e0, quella di far parlare <\/span><span style=\"font-weight: bold;\">di  s\u00e9.<\/span><br \/>\nCogliamo solo l&#8217;occasione per ricordare al sig. Calderoli e agli altri parlamentari in verde convenuti sabato 20 di non dimenticare che devono qualcosa a tutti gli italiani, senza distinzioni&#8230;<br \/>\n2-0, palla al  centro, la lega non vince neanche la partita dello stile.<\/p>\n<p><span style=\"font-weight: bold;\">c.s.a. Pac\u00ec Paciana <\/span><\/div>\n<div><img loading=\"lazy\" decoding=\"async\" class=\"alignleft size-full wp-image-1565\" title=\"calderoli\" src=\"http:\/\/www.bergamoreggae.org\/bgr\/wp-content\/uploads\/2007\/01\/calderoli.jpg\" alt=\"calderoli\" width=\"384\" height=\"366\" srcset=\"https:\/\/www.bergamoreggae.org\/bgr\/wp-content\/uploads\/2007\/01\/calderoli.jpg 384w, https:\/\/www.bergamoreggae.org\/bgr\/wp-content\/uploads\/2007\/01\/calderoli-300x285.jpg 300w\" sizes=\"auto, (max-width: 384px) 100vw, 384px\" \/><\/div>\n<div>L&#8217;intento del centro sociale era quello di trasformare il presidio in una festa nella quale mostrare le proprie attivit\u00e0. Questa volont\u00e0 era stata ampiamente annunciata a giornali, questura, amministrazione della citt\u00e0. Il senatore Calderoli ha manifestato l&#8217;intenzione di lasciare il gazebo leghista e, scortato da carabinieri e militanti leghisti, passare nella piazza dove si stava svolgendo il presidio musicale del Pac\u00ec Paciana.<br \/>\nUna provocazione a tutti gli effetti a cui i giovani hanno risposto con qualche insulto di piazza e con la consegna di un volantino raffigurante &#8220;Mohammed Calderoli&#8221; (lo scambio di cortesie \u00e8 immortalato nella foto)<br \/>\nIl tentativo del vicepresidente del Senato di  trasformare la festa in disordini \u00e8 stato rispedito al mittente.<\/div>\n<div><\/div>\n<div><img loading=\"lazy\" decoding=\"async\" class=\"alignleft size-full wp-image-1567\" title=\"10annipaci\" src=\"http:\/\/www.bergamoreggae.org\/bgr\/wp-content\/uploads\/2007\/01\/10annipaci.jpg\" alt=\"10annipaci\" width=\"375\" height=\"500\" srcset=\"https:\/\/www.bergamoreggae.org\/bgr\/wp-content\/uploads\/2007\/01\/10annipaci.jpg 375w, https:\/\/www.bergamoreggae.org\/bgr\/wp-content\/uploads\/2007\/01\/10annipaci-225x300.jpg 225w\" sizes=\"auto, (max-width: 375px) 100vw, 375px\" \/><\/div>\n<p><img loading=\"lazy\" decoding=\"async\" class=\"alignleft size-full wp-image-1568\" title=\"banania\" src=\"http:\/\/www.bergamoreggae.org\/bgr\/wp-content\/uploads\/2007\/01\/banania.jpg\" alt=\"banania\" width=\"413\" height=\"500\" srcset=\"https:\/\/www.bergamoreggae.org\/bgr\/wp-content\/uploads\/2007\/01\/banania.jpg 413w, https:\/\/www.bergamoreggae.org\/bgr\/wp-content\/uploads\/2007\/01\/banania-247x300.jpg 247w\" sizes=\"auto, (max-width: 413px) 100vw, 413px\" \/><\/p>\n","protected":false},"excerpt":{"rendered":"<p>Sabato 20 gennaio la citt\u00e0 di Bergamo ha avuto modo di assistere ad uno strano spettacolo: rinchiusi in pochi metri quadri c&#8217;erano strani individui, brutti ed in camicia verde. Inesistenti Giovani Padani al capezzale di vecchi politicanti e senatori rimbambiti: pochi, senza voce e senza idee, disinformati, ineleganti. In poche parole grotteschi. A pochi metri, in una piazza aperta, c&#8217;erano 300 ragazzi, arrivati per ri-affermare \u2013 se ce ne fosse ancora bisogno &#8211; quanto il centro sociale autogestito Pac\u00ec Paciana sia una risorsa irrinunciabile per tutta la citt\u00e0: in questi dieci anni centinaia di concerti, film, mostre, presentazioni di libri [&hellip;]<\/p>\n","protected":false},"author":39,"featured_media":0,"comment_status":"open","ping_status":"open","sticky":false,"template":"","format":"standard","meta":{"_bbp_topic_count":0,"_bbp_reply_count":0,"_bbp_total_topic_count":0,"_bbp_total_reply_count":0,"_bbp_voice_count":0,"_bbp_anonymous_reply_count":0,"_bbp_topic_count_hidden":0,"_bbp_reply_count_hidden":0,"_bbp_forum_subforum_count":0,"footnotes":"","_links_to":"","_links_to_target":""},"categories":[1],"tags":[],"class_list":["post-282","post","type-post","status-publish","format-standard","hentry","category-senza-categoria"],"aioseo_notices":[],"_links":{"self":[{"href":"https:\/\/www.bergamoreggae.org\/bgr\/wp-json\/wp\/v2\/posts\/282","targetHints":{"allow":["GET"]}}],"collection":[{"href":"https:\/\/www.bergamoreggae.org\/bgr\/wp-json\/wp\/v2\/posts"}],"about":[{"href":"https:\/\/www.bergamoreggae.org\/bgr\/wp-json\/wp\/v2\/types\/post"}],"author":[{"embeddable":true,"href":"https:\/\/www.bergamoreggae.org\/bgr\/wp-json\/wp\/v2\/users\/39"}],"replies":[{"embeddable":true,"href":"https:\/\/www.bergamoreggae.org\/bgr\/wp-json\/wp\/v2\/comments?post=282"}],"version-history":[{"count":0,"href":"https:\/\/www.bergamoreggae.org\/bgr\/wp-json\/wp\/v2\/posts\/282\/revisions"}],"wp:attachment":[{"href":"https:\/\/www.bergamoreggae.org\/bgr\/wp-json\/wp\/v2\/media?parent=282"}],"wp:term":[{"taxonomy":"category","embeddable":true,"href":"https:\/\/www.bergamoreggae.org\/bgr\/wp-json\/wp\/v2\/categories?post=282"},{"taxonomy":"post_tag","embeddable":true,"href":"https:\/\/www.bergamoreggae.org\/bgr\/wp-json\/wp\/v2\/tags?post=282"}],"curies":[{"name":"wp","href":"https:\/\/api.w.org\/{rel}","templated":true}]}}