{"id":6402,"date":"2014-03-28T17:23:48","date_gmt":"2014-03-28T15:23:48","guid":{"rendered":"http:\/\/www.bergamoreggae.org\/bgr\/?p=6402"},"modified":"2014-03-28T17:23:48","modified_gmt":"2014-03-28T15:23:48","slug":"festa-della-semina-2014","status":"publish","type":"post","link":"https:\/\/www.bergamoreggae.org\/bgr\/2014\/03\/28\/festa-della-semina-2014\/","title":{"rendered":"Festa della semina 2014"},"content":{"rendered":"<p>Per quanto il lavoro di management e organizzatori venga portato avanti con professionalit\u00e0 e seriet\u00e0, a volte la sfortuna prende comunque il sopravvento.<\/p>\n<p>Il sessantatreenne Horace Andy per problemi di salute non \u00e8 riuscito a prendere il volo prestabilito per l&#8217;Europa, con la conseguente cancellazione del primo show del suo lungo tour continentale, ovvero quello bergamasco.<\/p>\n<p>Questa sera perci\u00f2, in occasione della Festa della Semina 2014, avremo sul palco un&#8217;altra line up, ugualmente coinvolgente: General Levy si esibir\u00e0 in compagnia di Bonnot, con la speciale partecipazione di Militant-A di Assalti Frontali.<\/p>\n<p>Questo cambiamento \u00e8 avvenuto grazie alla grande disponibilit\u00e0 degli artisti di cui sopra, con la promessa da parte di Horace e del suo management di provare a tutti i costi a recuperare lo show perduto durante il mese di Aprile, che vedr\u00e0 il cantante jamaicano girare in tour l&#8217;Europa.<\/p>\n<p>Nel frattempo vediamo di goderci ugualmente il weekend della semina e fare ancora pi\u00f9 festa del previsto.<\/p>\n","protected":false},"excerpt":{"rendered":"<p>Per quanto il lavoro di management e organizzatori venga portato avanti con professionalit\u00e0 e seriet\u00e0, a volte la sfortuna prende comunque il sopravvento. Il sessantatreenne Horace Andy per problemi di salute non \u00e8 riuscito a prendere il volo prestabilito per l&#8217;Europa, con la conseguente cancellazione del primo show del suo lungo tour continentale, ovvero quello bergamasco. Questa sera perci\u00f2, in occasione della Festa della Semina 2014, avremo sul palco un&#8217;altra line up, ugualmente coinvolgente: General Levy si esibir\u00e0 in compagnia di Bonnot, con la speciale partecipazione di Militant-A di Assalti Frontali. Questo cambiamento \u00e8 avvenuto grazie alla grande disponibilit\u00e0 degli [&hellip;]<\/p>\n","protected":false},"author":70,"featured_media":0,"comment_status":"open","ping_status":"closed","sticky":false,"template":"","format":"standard","meta":{"_bbp_topic_count":0,"_bbp_reply_count":0,"_bbp_total_topic_count":0,"_bbp_total_reply_count":0,"_bbp_voice_count":0,"_bbp_anonymous_reply_count":0,"_bbp_topic_count_hidden":0,"_bbp_reply_count_hidden":0,"_bbp_forum_subforum_count":0,"footnotes":"","_links_to":"","_links_to_target":""},"categories":[1],"tags":[],"class_list":["post-6402","post","type-post","status-publish","format-standard","hentry","category-senza-categoria"],"aioseo_notices":[],"_links":{"self":[{"href":"https:\/\/www.bergamoreggae.org\/bgr\/wp-json\/wp\/v2\/posts\/6402","targetHints":{"allow":["GET"]}}],"collection":[{"href":"https:\/\/www.bergamoreggae.org\/bgr\/wp-json\/wp\/v2\/posts"}],"about":[{"href":"https:\/\/www.bergamoreggae.org\/bgr\/wp-json\/wp\/v2\/types\/post"}],"author":[{"embeddable":true,"href":"https:\/\/www.bergamoreggae.org\/bgr\/wp-json\/wp\/v2\/users\/70"}],"replies":[{"embeddable":true,"href":"https:\/\/www.bergamoreggae.org\/bgr\/wp-json\/wp\/v2\/comments?post=6402"}],"version-history":[{"count":1,"href":"https:\/\/www.bergamoreggae.org\/bgr\/wp-json\/wp\/v2\/posts\/6402\/revisions"}],"predecessor-version":[{"id":6403,"href":"https:\/\/www.bergamoreggae.org\/bgr\/wp-json\/wp\/v2\/posts\/6402\/revisions\/6403"}],"wp:attachment":[{"href":"https:\/\/www.bergamoreggae.org\/bgr\/wp-json\/wp\/v2\/media?parent=6402"}],"wp:term":[{"taxonomy":"category","embeddable":true,"href":"https:\/\/www.bergamoreggae.org\/bgr\/wp-json\/wp\/v2\/categories?post=6402"},{"taxonomy":"post_tag","embeddable":true,"href":"https:\/\/www.bergamoreggae.org\/bgr\/wp-json\/wp\/v2\/tags?post=6402"}],"curies":[{"name":"wp","href":"https:\/\/api.w.org\/{rel}","templated":true}]}}